{"id":1117,"date":"2019-07-04T11:08:37","date_gmt":"2019-07-04T11:08:37","guid":{"rendered":"https:\/\/paginas.fe.up.pt\/~respsocial\/?p=1117"},"modified":"2024-02-19T12:42:04","modified_gmt":"2024-02-19T12:42:04","slug":"a-sunset-party-feup-2019-apoiara-a-arsap","status":"publish","type":"post","link":"https:\/\/fe.up.pt\/respsocial\/a-sunset-party-feup-2019-apoiara-a-arsap\/","title":{"rendered":"FEUP Summer Sunset 2019 apoiar\u00e1 a ARSAP"},"content":{"rendered":"<div class=\"fusion-title title fusion-sep-none fusion-title-size-three fusion-border-below-title\">\n<h3 class=\"title-heading-left\" data-fontsize=\"16\" data-lineheight=\"18\"><strong>Sunset 2019<\/strong><\/h3>\n<\/div>\n<p>O ver\u00e3o s\u00f3 come\u00e7a a s\u00e9rio com mais um \u201cSummer Sunset: um brinde ao ver\u00e3o | Get together\u201d, este ano na sua 5\u00aa edi\u00e7\u00e3o.<\/p>\n<p>Agendado para 5 de julho, este ser\u00e1\u00a0mais um momento memor\u00e1vel para brindarmos em Comunidade ao final do ano letivo e \u00e0 chegada do t\u00e3o esperado Ver\u00e3o.<\/p>\n<p>\u00c0s 16h30, no relvado central da Faculdade, prometemos m\u00fasica, muitos petiscos e algumas surpresas.<\/p>\n<p>A iniciativa, numa organiza\u00e7\u00e3o do Centro de Eventos, pretende que a Comunidade FEUP aproveite o p\u00f4r do sol num ambiente relaxado e de festa.<\/p>\n<p>N\u00e3o falte!<\/p>\n<p><em>Este ano a FEUP, atrav\u00e9s do seu Comissariado de Responsabilidade Social, apoia a Associa\u00e7\u00e3o da Ronda dos Sem Abrigo do Porto (ARSAP). N\u00e3o esque\u00e7a o seu donativo!<\/em><\/p>\n<div class=\"fusion-sep-clear\"><\/div>\n<h3 class=\"fusion-separator fusion-full-width-sep sep-none\">Testemunhos<\/h3>\n<div class=\"fusion-testimonials clean fusion-testimonials-1\" data-random=\"0\">\n<div class=\"reviews\">\n<blockquote>\n<div class=\"review no-avatar\"><q>O Summer Sunset \u00e9 um agrad\u00e1vel momento de conv\u00edvio entre colegas, onde se sente esta grande fam\u00edlia que \u00e9 a FEUP.<br \/>\nUm ambiente divertido e descontra\u00eddo onde fa\u00e7o quest\u00e3o de marcar presen\u00e7a todos os anos<\/q><\/p>\n<div class=\"author\"><span class=\"company-name\"><strong>C\u00e9lia Cerqueira<\/strong>,\u00a0DEQ<\/span><\/div>\n<\/div>\n<\/blockquote>\n<\/div>\n<\/div>\n<div class=\"fusion-testimonials clean fusion-testimonials-2\" data-random=\"0\">\n<div class=\"reviews\">\n<blockquote>\n<div class=\"review no-avatar\">\n<p><q>\u201cPrimeiro estranhou-se e depois entranhou-se!\u201d foi exatamente assim que se sucedeu com o Summer Sunset. O primeiro foi uma surpresa e todos estranharam, mas permitiu um saud\u00e1vel e alegre conv\u00edvio. Os eventos seguintes associaram uma componente social, mantendo todo o cariz inicial, pelo que j\u00e1 faz parte da tradi\u00e7\u00e3o FEUP.<\/q><\/p>\n<div class=\"author\"><span class=\"company-name\"><strong>Ant\u00f3nio Torres Marques<\/strong>,\u00a0DEMec<\/span><\/div>\n<\/div>\n<\/blockquote>\n<\/div>\n<\/div>\n<p>Relembrando os eventos anteriores:<\/p>\n<p><em>FEUP Summer Sunset 2015<\/em> \u2013 <strong>Hospital do Jo\u00e3ozinho<\/strong> (Ala pedi\u00e1trica do Hosp. De S. Jo\u00e3o)<\/p>\n<p><em>FEUP Summer Sunset 2016<\/em> \u2013 <strong>A.A.C.C.<\/strong> \u2013 Associa\u00e7\u00e3o Acolher e Cuidar para a Cidadania<\/p>\n<p><a href=\"https:\/\/paginas.fe.up.pt\/~respsocial\/donativo-a-associacao-acreditar\/\"><em>FEUP Summer Sunset 2017<\/em><\/a> \u2013 <strong>Associa\u00e7\u00e3o Acreditar<\/strong><\/p>\n<p><em>FEUP Summer Sunset 2018<\/em> \u2013 <strong>Aldeia<\/strong> <strong>de Covelo, <\/strong>Freguesia da Ventosa<\/p>\n<p><img decoding=\"async\" class=\"alignnone size-full wp-image-1159\" src=\"https:\/\/paginas.fe.up.pt\/~respsocial\/wp-content\/uploads\/2019\/06\/Capture.jpg\" alt=\"\" width=\"1149\" height=\"700\" srcset=\"https:\/\/fe.up.pt\/respsocial\/wp-content\/uploads\/2019\/06\/Capture-200x122.jpg 200w, https:\/\/fe.up.pt\/respsocial\/wp-content\/uploads\/2019\/06\/Capture-400x244.jpg 400w, https:\/\/fe.up.pt\/respsocial\/wp-content\/uploads\/2019\/06\/Capture-600x366.jpg 600w, https:\/\/fe.up.pt\/respsocial\/wp-content\/uploads\/2019\/06\/Capture-800x487.jpg 800w, https:\/\/fe.up.pt\/respsocial\/wp-content\/uploads\/2019\/06\/Capture.jpg 1149w\" sizes=\"(max-width: 1149px) 100vw, 1149px\" \/><\/p>\n","protected":false},"excerpt":{"rendered":"<p>Sunset 2019 O ver\u00e3o s\u00f3 come\u00e7a a s\u00e9rio com mais um \u201cSummer Sunset: um brinde ao ver\u00e3o | Get together\u201d, este ano na sua 5\u00aa edi\u00e7\u00e3o. Agendado para 5 de julho, este ser\u00e1\u00a0mais um momento memor\u00e1vel para brindarmos em Comunidade ao final do ano letivo e \u00e0 chegada do t\u00e3o esperado Ver\u00e3o. \u00c0s 16h30, no [&hellip;]<\/p>\n","protected":false},"author":15,"featured_media":1159,"comment_status":"closed","ping_status":"closed","sticky":false,"template":"","format":"standard","meta":{"footnotes":""},"categories":[21,24,25,23,7],"tags":[],"class_list":["post-1117","post","type-post","status-publish","format-standard","has-post-thumbnail","hentry","category-arquivo_noticias","category-familia-feup","category-feup-para-a-comunidade","category-feup-voluntaria","category-noticias"],"_links":{"self":[{"href":"https:\/\/fe.up.pt\/respsocial\/wp-json\/wp\/v2\/posts\/1117","targetHints":{"allow":["GET"]}}],"collection":[{"href":"https:\/\/fe.up.pt\/respsocial\/wp-json\/wp\/v2\/posts"}],"about":[{"href":"https:\/\/fe.up.pt\/respsocial\/wp-json\/wp\/v2\/types\/post"}],"author":[{"embeddable":true,"href":"https:\/\/fe.up.pt\/respsocial\/wp-json\/wp\/v2\/users\/15"}],"replies":[{"embeddable":true,"href":"https:\/\/fe.up.pt\/respsocial\/wp-json\/wp\/v2\/comments?post=1117"}],"version-history":[{"count":7,"href":"https:\/\/fe.up.pt\/respsocial\/wp-json\/wp\/v2\/posts\/1117\/revisions"}],"predecessor-version":[{"id":1161,"href":"https:\/\/fe.up.pt\/respsocial\/wp-json\/wp\/v2\/posts\/1117\/revisions\/1161"}],"wp:featuredmedia":[{"embeddable":true,"href":"https:\/\/fe.up.pt\/respsocial\/wp-json\/wp\/v2\/media\/1159"}],"wp:attachment":[{"href":"https:\/\/fe.up.pt\/respsocial\/wp-json\/wp\/v2\/media?parent=1117"}],"wp:term":[{"taxonomy":"category","embeddable":true,"href":"https:\/\/fe.up.pt\/respsocial\/wp-json\/wp\/v2\/categories?post=1117"},{"taxonomy":"post_tag","embeddable":true,"href":"https:\/\/fe.up.pt\/respsocial\/wp-json\/wp\/v2\/tags?post=1117"}],"curies":[{"name":"wp","href":"https:\/\/api.w.org\/{rel}","templated":true}]}}